{"id":56738,"date":"2026-04-28T09:14:32","date_gmt":"2026-04-28T07:14:32","guid":{"rendered":"https:\/\/feina.jovesilles.net\/?p=56738"},"modified":"2026-04-28T14:06:32","modified_gmt":"2026-04-28T12:06:32","slug":"tecnico-socio-sanitario-y-o-aux-enfermeria","status":"publish","type":"post","link":"https:\/\/feina.jovesilles.net\/es\/tecnico-socio-sanitario-y-o-aux-enfermeria\/","title":{"rendered":"T\u00e9cnico\/a Socio-Sanitario\/a y\/o Aux. Enfermer\u00eda"},"content":{"rendered":"<p>Funciones:\u00a0 Atenci\u00f3n integral directa a personas con Par\u00e1lisis Cerebral y\/o discapacidad af\u00edn en todos los \u00f3rdenes de la vida cotidiana (Alimentaci\u00f3n, Higiene, Hidrataci\u00f3n, cambios posturales, etc.) en los Servicios Asistenciales de Centro de D\u00eda y Residencia 24 horas. Realizaci\u00f3n de tareas propias del personal Auxiliar siguiendo indicaciones del equipo t\u00e9cnico especializado. Soporte, participaci\u00f3n y colaboraci\u00f3n en los talleres de Centro de D\u00eda\/Residencia. Movilizaci\u00f3n y traslados de los usuarios seg\u00fan din\u00e1mica propia del Servicio de Centro de D\u00eda y Residencia. Acompa\u00f1amiento a personas con Par\u00e1lisis Cerebral y\/o discapacidad af\u00edn en Salidas Socio-Educativas y de Ocio. Participaci\u00f3n en las actividades de ocio que se realicen en los Servicios Asistenciales de ASPACE.<\/p>\n<p>Sector:\u00a0 FUNDACION ASPACE BALEARES.<\/p>\n<p>&nbsp;<\/p>\n<p>Fecha de inicio:\u00a0 04\/05\/2026.<\/p>\n<p>Salario:\u00a0 18.770,00\u20ac anuales.<\/p>\n<p>&nbsp;<\/p>\n<p>Horario:\u00a0 Rotativo (ma\u00f1anas\/tardes\/noches).<\/p>\n<p>Tipo\/duraci\u00f3n de contrato:\u00a0 Indefinido.<\/p>\n<p>&nbsp;<\/p>\n<p>Formaci\u00f3n \/ Titulaci\u00f3n:\u00a0 T\u00e9cnic\/a Auxiliar d&#8217; Infermeria \/ T\u00e9cnic\/a Soci-sanitari\/a.<\/p>\n<p>Inform\u00e1tica:\u00a0 Conocimientos de Ofim\u00e1tica.<\/p>\n<p>&nbsp;<\/p>\n<p>Permiso de conducir: Si.<\/p>\n<p>Veh\u00edculo propio: Si.<\/p>\n<p>C\u00f3mo solicitar: Enviar CV a: oferta@aspaceib.org \u00a0 con la ref. <strong>INFOJOVE\u00a0 T\u00e9cnico\/a Socio-Sanitario\/a y\/o Aux. Enfermer\u00eda.<\/strong><\/p>\n","protected":false},"excerpt":{"rendered":"<p>Funciones:\u00a0 Atenci\u00f3n integral directa a personas con Par\u00e1lisis Cerebral y\/o discapacidad af\u00edn en todos los \u00f3rdenes de la vida cotidiana (Alimentaci\u00f3n, Higiene, Hidrataci\u00f3n, cambios posturales, etc.) en los Servicios Asistenciales de Centro de D\u00eda y Residencia 24 horas. Realizaci\u00f3n de tareas propias del personal Auxiliar siguiendo indicaciones del equipo t\u00e9cnico especializado. Soporte, participaci\u00f3n y colaboraci\u00f3n [&hellip;]<\/p>\n","protected":false},"author":6,"featured_media":0,"comment_status":"closed","ping_status":"open","sticky":false,"template":"","format":"standard","meta":{"_acf_changed":false,"_et_pb_use_builder":"","_et_pb_old_content":"","_et_gb_content_width":"","footnotes":""},"categories":[42],"tags":[],"class_list":["post-56738","post","type-post","status-publish","format-standard","hentry","category-mallorca-es"],"acf":[],"publishpress_future_action":{"enabled":true,"date":"2026-05-28 09:04:50","action":"change-status","newStatus":"trash","terms":[0],"taxonomy":"category","extraData":[]},"publishpress_future_workflow_manual_trigger":{"enabledWorkflows":[]},"_links":{"self":[{"href":"https:\/\/feina.jovesilles.net\/es\/wp-json\/wp\/v2\/posts\/56738","targetHints":{"allow":["GET"]}}],"collection":[{"href":"https:\/\/feina.jovesilles.net\/es\/wp-json\/wp\/v2\/posts"}],"about":[{"href":"https:\/\/feina.jovesilles.net\/es\/wp-json\/wp\/v2\/types\/post"}],"author":[{"embeddable":true,"href":"https:\/\/feina.jovesilles.net\/es\/wp-json\/wp\/v2\/users\/6"}],"replies":[{"embeddable":true,"href":"https:\/\/feina.jovesilles.net\/es\/wp-json\/wp\/v2\/comments?post=56738"}],"version-history":[{"count":2,"href":"https:\/\/feina.jovesilles.net\/es\/wp-json\/wp\/v2\/posts\/56738\/revisions"}],"predecessor-version":[{"id":56750,"href":"https:\/\/feina.jovesilles.net\/es\/wp-json\/wp\/v2\/posts\/56738\/revisions\/56750"}],"wp:attachment":[{"href":"https:\/\/feina.jovesilles.net\/es\/wp-json\/wp\/v2\/media?parent=56738"}],"wp:term":[{"taxonomy":"category","embeddable":true,"href":"https:\/\/feina.jovesilles.net\/es\/wp-json\/wp\/v2\/categories?post=56738"},{"taxonomy":"post_tag","embeddable":true,"href":"https:\/\/feina.jovesilles.net\/es\/wp-json\/wp\/v2\/tags?post=56738"}],"curies":[{"name":"wp","href":"https:\/\/api.w.org\/{rel}","templated":true}]}}